{"id":1096,"date":"2023-11-18T21:19:43","date_gmt":"2023-11-18T21:19:43","guid":{"rendered":"https:\/\/jornalhorizonte.com.br\/?p=1096"},"modified":"2023-11-18T21:19:45","modified_gmt":"2023-11-18T21:19:45","slug":"bolsonaro-critica-investigacao-e-faz-mencao-gordofobica-a-dino-unica-baleia-que-nao-gosta-de-mim-esta-no-ministerio","status":"publish","type":"post","link":"https:\/\/jornalhorizonte.com.br\/?p=1096","title":{"rendered":"Bolsonaro critica investiga\u00e7\u00e3o e faz men\u00e7\u00e3o gordof\u00f3bica a Dino: \u2018\u00danica baleia que n\u00e3o gosta de mim est\u00e1 no minist\u00e9rio\u2019"},"content":{"rendered":"\n<p>Rea\u00e7\u00e3o ocorre ap\u00f3s o MPF e a PF instaurarem inqu\u00e9rito para averiguar se ex-presidente &#8216;importunou&#8217; baleia jubarte em passeio de jetski<\/p>\n\n\n\n<p>O ex-presidente&nbsp;<a class=\"\" href=\"https:\/\/oglobo.globo.com\/tudo-sobre\/politico\/jair-messias-bolsonaro\">Jair Bolsonaro<\/a>&nbsp;(PL) ironizou neste s\u00e1bado a decis\u00e3o do Minist\u00e9rio P\u00fablico Federal de acompanhar um inqu\u00e9rito da Pol\u00edcia Federal que investiga se ele importunou uma baleia jubarte em uma visita \u00e0 S\u00e3o Sebasti\u00e3o, em S\u00e3o Paulo, em junho deste ano. Em evento do PL Mulher em Porto Alegre, no Rio Grande do Sul, o ex-mandat\u00e1rio aproveitou a ocasi\u00e3o para fazer um coment\u00e1rio gordof\u00f3bico contra o ministro da Justi\u00e7a&nbsp;<a class=\"\" href=\"https:\/\/oglobo.globo.com\/tudo-sobre\/politico\/flavio-dino\">Fl\u00e1vio Dino<\/a>:<\/p>\n\n\n\n<ul>\n<li><strong>Entenda:&nbsp;<\/strong><a class=\"\" href=\"https:\/\/oglobo.globo.com\/blogs\/sonar-a-escuta-das-redes\/post\/2023\/11\/nikolas-ferreira-atacou-lula-stf-e-di-caprio-na-onu-entenda.ghtml\">Nikolas Ferreira atacou Lula, STF e Di Caprio na ONU?<\/a><\/li>\n\n\n\n<li><strong>Patrocinada pelo governo de Roraima,<\/strong><a class=\"\" href=\"https:\/\/oglobo.globo.com\/politica\/noticia\/2023\/11\/17\/patrocinada-pelo-governo-de-roraima-festa-agro-com-show-de-wesley-safadao-e-contestada-pelo-tce.ghtml\"><strong>&nbsp;<\/strong>festa agro com show de Wesley Safad\u00e3o \u00e9 contestada pelo TCE<\/a><\/li>\n<\/ul>\n\n\n\n<p>\u2014Todo dia tem uma maldade em cima de mim, a de ontem foi que estou perseguindo baleias. A \u00fanica baleia que n\u00e3o gosta de mim na Esplanada \u00e9 aquela que est\u00e1 no minist\u00e9rio, \u00e9 aquela que diz que eu queria dar golpe, mas some com v\u00eddeos \u2014disse o ex-presidente.<\/p>\n\n\n\n<p>Durante a CPI do 8 de janeiro, a comiss\u00e3o solicitou as imagens de c\u00e2meras de seguran\u00e7a internas do Minist\u00e9rio da Justi\u00e7a e Seguran\u00e7a P\u00fablica, mas Dino informou que elas haviam sido apagadas. Segundo o ministro, o contrato de presta\u00e7\u00e3o de servi\u00e7o com a empresa respons\u00e1vel pela seguran\u00e7a da pasta \u2014 que monitora as imagens \u2014, n\u00e3o prev\u00ea o armazenamento das filmagens por um longo per\u00edodo.<\/p>\n\n\n\n<p>Nesta sexta-feira, o MPF divulgou em seu Di\u00e1rio Oficial a decis\u00e3o de investigar Bolsonaro. De acordo com a procuradora Mar\u00edlia Soares Ferreira Iftim, v\u00eddeos e fotos publicados em redes sociais mostraram o momento em que a mota n\u00e1utica, de motor ligado, chegou a 15 metros da baleia, que estava na superf\u00edcie. &#8220;Considerando que as imagens foram feitas a partir de outra embarca\u00e7\u00e3o e \u00e9 poss\u00edvel identificar que h\u00e1 uma \u00fanica pessoa na moto n\u00e1utica, que est\u00e1 pilotando e gravando um v\u00eddeo no celular ao mesmo tempo. Atribui-se a identidade desta pessoa, supostamente, ao ex-presidente Jair Messias Bolsonaro&#8221;, disse, afirmando que ainda h\u00e1 necessidade de melhor elucida\u00e7\u00e3o dos fatos.<\/p>\n\n\n\n<p>Em junho deste ano, durante o feriado de Corpus Christi, Bolsonaro a cidade de S\u00e3o Sebasti\u00e3o, quando se hospedou em uma casa na Praia de Maresias e posou para fotos com apoiadores.<\/p>\n\n\n\n<p>Em agosto deste ano, um vereador foi multado em R$ 2,5 mil pelo Instituto Brasileiro do Meio Ambiente e dos Recursos Naturais Renov\u00e1veis (Ibama) por &#8216;molestar intencionalmente&#8217; uma baleia jubarte justamente nesta regi\u00e3o. Wagner Teixeira (Avante) publicou, em suas redes sociais, um v\u00eddeo que ao lado do animal no dia 12 de junho.<\/p>\n\n\n\n<p>De acordo com a legisla\u00e7\u00e3o brasileira, \u2018molestar de forma intencional qualquer esp\u00e9cie de cet\u00e1ceo\u2019 \u00e9 uma infra\u00e7\u00e3o administrativa contra o meio ambiente. &#8221; \u00c9 vedado a embarca\u00e7\u00f5es aproximar-se de qualquer esp\u00e9cie de baleia com motor ligado a menos de 100 metros de dist\u00e2ncia do animal&#8221;, diz uma portaria do Ibama.<\/p>\n","protected":false},"excerpt":{"rendered":"<p>Rea\u00e7\u00e3o ocorre ap\u00f3s o MPF e a PF instaurarem inqu\u00e9rito para averiguar se ex-presidente &#8216;importunou&#8217; baleia jubarte em passeio de jetski O ex-presidente&nbsp;Jair Bolsonaro&nbsp;(PL) ironizou neste s\u00e1bado a decis\u00e3o do Minist\u00e9rio P\u00fablico Federal de acompanhar um inqu\u00e9rito da Pol\u00edcia Federal que investiga se ele importunou uma baleia jubarte em uma visita \u00e0 S\u00e3o Sebasti\u00e3o, em [&hellip;]<\/p>\n","protected":false},"author":5,"featured_media":1097,"comment_status":"open","ping_status":"open","sticky":false,"template":"","format":"standard","meta":{"footnotes":""},"categories":[329],"tags":[],"_links":{"self":[{"href":"https:\/\/jornalhorizonte.com.br\/index.php?rest_route=\/wp\/v2\/posts\/1096"}],"collection":[{"href":"https:\/\/jornalhorizonte.com.br\/index.php?rest_route=\/wp\/v2\/posts"}],"about":[{"href":"https:\/\/jornalhorizonte.com.br\/index.php?rest_route=\/wp\/v2\/types\/post"}],"author":[{"embeddable":true,"href":"https:\/\/jornalhorizonte.com.br\/index.php?rest_route=\/wp\/v2\/users\/5"}],"replies":[{"embeddable":true,"href":"https:\/\/jornalhorizonte.com.br\/index.php?rest_route=%2Fwp%2Fv2%2Fcomments&post=1096"}],"version-history":[{"count":0,"href":"https:\/\/jornalhorizonte.com.br\/index.php?rest_route=\/wp\/v2\/posts\/1096\/revisions"}],"wp:featuredmedia":[{"embeddable":true,"href":"https:\/\/jornalhorizonte.com.br\/index.php?rest_route=\/wp\/v2\/media\/1097"}],"wp:attachment":[{"href":"https:\/\/jornalhorizonte.com.br\/index.php?rest_route=%2Fwp%2Fv2%2Fmedia&parent=1096"}],"wp:term":[{"taxonomy":"category","embeddable":true,"href":"https:\/\/jornalhorizonte.com.br\/index.php?rest_route=%2Fwp%2Fv2%2Fcategories&post=1096"},{"taxonomy":"post_tag","embeddable":true,"href":"https:\/\/jornalhorizonte.com.br\/index.php?rest_route=%2Fwp%2Fv2%2Ftags&post=1096"}],"curies":[{"name":"wp","href":"https:\/\/api.w.org\/{rel}","templated":true}]}}