{"id":1093,"date":"2023-11-18T21:17:18","date_gmt":"2023-11-18T21:17:18","guid":{"rendered":"https:\/\/jornalhorizonte.com.br\/?p=1093"},"modified":"2023-11-18T21:17:20","modified_gmt":"2023-11-18T21:17:20","slug":"mentes-criativas-sao-mais-vulneraveis-a-doencas-mentais-mas-uma-profissao-escapa-dessa-maldicao-saiba-qual","status":"publish","type":"post","link":"https:\/\/jornalhorizonte.com.br\/?p=1093","title":{"rendered":"Mentes criativas s\u00e3o mais vulner\u00e1veis \u200b\u200ba doen\u00e7as mentais \u2013 mas uma profiss\u00e3o escapa dessa &#8216;maldi\u00e7\u00e3o&#8217;; saiba qual"},"content":{"rendered":"\n<p>Pesquisadores acreditam que tanto a doen\u00e7a mental quanto a neurodiverg\u00eancia podem melhorar o pensamento criativo<\/p>\n\n\n\n<p>As doen\u00e7as mentais &#8211; que variam desde ansiedade e depress\u00e3o at\u00e9 transtornos de personalidade ou psicose &#8211; t\u00eam sido associadas ao pensamento criativo h\u00e1 muito tempo. N\u00e3o \u00e9 por acaso que mentes brilhantes e criativas, como o ator Robin Williams, o comediante Stephen Fry e a escritora Virginia Woolf lutavam contra o transtorno bipolar ou que o matem\u00e1tico John Nash teve sua luta contra a esquizofrenia imortalizada no filme &#8220;Uma mente brilhante&#8221;.<\/p>\n\n\n\n<ul>\n<li><strong>Especialista explica:&nbsp;<\/strong><a class=\"\" href=\"https:\/\/oglobo.globo.com\/saude\/medicina\/noticia\/2023\/11\/18\/o-que-fazer-se-voce-comecar-a-passar-mal-por-causa-do-calor-especialista-explica.ghtml\">O que fazer se voc\u00ea come\u00e7ar a passar mal por causa do calor<\/a><\/li>\n\n\n\n<li><strong>Trag\u00e9dia no show de Taylor Swift:<\/strong><a class=\"\" href=\"https:\/\/oglobo.globo.com\/saude\/medicina\/noticia\/2023\/11\/18\/fa-morta-no-show-de-taylor-swift-como-o-calor-pode-causar-parada-respiratoria-entenda.ghtml\">&nbsp;como o calor pode levar \u00e0 morte? Entenda<\/a><\/li>\n<\/ul>\n\n\n\n<p>Em artigo publicado no site especializado The Conversation, Gil Greengross, professor de Psicologia, Na Universidade Aberystwyth, no Reino Unido, explica que muitos pesquisadores acreditam que tanto a doen\u00e7a mental quanto a neurodiverg\u00eancia podem melhorar o pensamento criativo.<\/p>\n\n\n\n<p>Pessoas com sintomas leves de psicose, por exemplo, experimentam divaga\u00e7\u00f5es mentais e pensamentos desorganizados.<\/p>\n\n\n\n<p>&#8220;Isso pode ser um desafio para o foco, mas pode ser ben\u00e9fico para estimular a criatividade&#8221;, afirma Greengross.<\/p>\n\n\n\n<p>Ele tamb\u00e9m cita o exemplo da cientista Temple Grandin, que credita sua experi\u00eancia de estar no espectro do autismo pelo desenvolvimento de uma m\u00e1quina de abra\u00e7os que ajuda a lidar com o gado de uma forma mais humana.<\/p>\n\n\n\n<ul>\n<li><strong>Infec\u00e7\u00e3o renal:<\/strong>&nbsp;<a class=\"\" href=\"https:\/\/oglobo.globo.com\/saude\/noticia\/2023\/11\/18\/infeccao-renal-conheca-os-6-sintomas-da-doenca-que-fez-a-cantora-anahi-abandonar-show-do-rbd.ghtml\">conhe\u00e7a os 6 sintomas da doen\u00e7a que fez a cantora Anah\u00ed abandonar show do RBD<\/a><\/li>\n<\/ul>\n\n\n\n<p>Entretanto, de acordo com um estudo publicado feito por sua equipe, publicado na revista cient\u00edfica BJPsych Open, existe uma vertente criativa que escapa dessa maldi\u00e7\u00e3o: os m\u00e1gicos.<\/p>\n\n\n\n<p>Enquanto a maioria das profiss\u00f5es criativas cria ou performa, os m\u00e1gicos fazem os dois: criam seus pr\u00f3prios shows e os realizam, o que os torna \u00fanicos. Para entender se m\u00e1gicos tamb\u00e9m s\u00e3o mais vulner\u00e1veis \u00e0s doen\u00e7as mentais ou neurodiverg\u00eancia, os pesquisadores analisaram 195 m\u00e1gicos, do Reino Unido e dos Estados Unidos.<\/p>\n\n\n\n<p>Os participantes tinham, em m\u00e9dia, 35 anos de experi\u00eancia na pr\u00e1tica de magia. Todos preencheram question\u00e1rios avaliando suas tend\u00eancias em rela\u00e7\u00e3o a tra\u00e7os autistas e psic\u00f3ticos. Em seguida, suas respostas foram comparadas a uma amostra de n\u00e3o-m\u00e1gicos com faixa et\u00e1ria e distribui\u00e7\u00e3o de g\u00eanero semelhantes, bem como a outros grupos criativos, como comediantes, poetas, atores e m\u00fasicos.<\/p>\n\n\n\n<p>Os resultados mostraram que os m\u00e1gicos n\u00e3o apresentaram qualquer predisposi\u00e7\u00e3o para tra\u00e7os autistas, pontuando de forma semelhante \u00e0 popula\u00e7\u00e3o em geral. No entanto, eles tiveram pontua\u00e7\u00f5es mais baixas em quase todos os sintomas psic\u00f3ticos em compara\u00e7\u00e3o com a amostra geral e outros grupos criativos.<\/p>\n\n\n\n<p>O pesquisador ressalta que os m\u00e1gicos demonstraram uma capacidade muito elevada de concentra\u00e7\u00e3o, n\u00edveis mais baixos de ansiedade social e menos casos de experi\u00eancias incomuns, pensamentos distorcidos e alucina\u00e7\u00f5es. Essas caracter\u00edsticas s\u00e3o altamente vantajosas para seu trabalho, dado que permitem que eles se concentrem e prestem aten\u00e7\u00e3o ao seu of\u00edcio sem distra\u00e7\u00f5es.<\/p>\n\n\n\n<p>Os m\u00e1gicos tamb\u00e9m n\u00e3o apresentavam qualquer tend\u00eancia para comportamento anti-socia, tinham bom autocontrole e apresentaram pontua\u00e7\u00e3o baixa em sintomas psic\u00f3ticos, o que os tonar mais parecidos com os cientistas, por exemplo.<\/p>\n\n\n\n<p>&#8220;Em \u00faltima an\u00e1lise, o nosso estudo ilustra que nem todos os indiv\u00edduos criativos s\u00e3o criados iguais e que a associa\u00e7\u00e3o entre criatividade e psicopatologia \u00e9 mais complexa do que se pensava anteriormente&#8221;, conclui o autor.<\/p>\n\n\n\n<p><\/p>\n","protected":false},"excerpt":{"rendered":"<p>Pesquisadores acreditam que tanto a doen\u00e7a mental quanto a neurodiverg\u00eancia podem melhorar o pensamento criativo As doen\u00e7as mentais &#8211; que variam desde ansiedade e depress\u00e3o at\u00e9 transtornos de personalidade ou psicose &#8211; t\u00eam sido associadas ao pensamento criativo h\u00e1 muito tempo. N\u00e3o \u00e9 por acaso que mentes brilhantes e criativas, como o ator Robin Williams, [&hellip;]<\/p>\n","protected":false},"author":5,"featured_media":1094,"comment_status":"open","ping_status":"open","sticky":false,"template":"","format":"standard","meta":{"footnotes":""},"categories":[344],"tags":[],"_links":{"self":[{"href":"https:\/\/jornalhorizonte.com.br\/index.php?rest_route=\/wp\/v2\/posts\/1093"}],"collection":[{"href":"https:\/\/jornalhorizonte.com.br\/index.php?rest_route=\/wp\/v2\/posts"}],"about":[{"href":"https:\/\/jornalhorizonte.com.br\/index.php?rest_route=\/wp\/v2\/types\/post"}],"author":[{"embeddable":true,"href":"https:\/\/jornalhorizonte.com.br\/index.php?rest_route=\/wp\/v2\/users\/5"}],"replies":[{"embeddable":true,"href":"https:\/\/jornalhorizonte.com.br\/index.php?rest_route=%2Fwp%2Fv2%2Fcomments&post=1093"}],"version-history":[{"count":0,"href":"https:\/\/jornalhorizonte.com.br\/index.php?rest_route=\/wp\/v2\/posts\/1093\/revisions"}],"wp:featuredmedia":[{"embeddable":true,"href":"https:\/\/jornalhorizonte.com.br\/index.php?rest_route=\/wp\/v2\/media\/1094"}],"wp:attachment":[{"href":"https:\/\/jornalhorizonte.com.br\/index.php?rest_route=%2Fwp%2Fv2%2Fmedia&parent=1093"}],"wp:term":[{"taxonomy":"category","embeddable":true,"href":"https:\/\/jornalhorizonte.com.br\/index.php?rest_route=%2Fwp%2Fv2%2Fcategories&post=1093"},{"taxonomy":"post_tag","embeddable":true,"href":"https:\/\/jornalhorizonte.com.br\/index.php?rest_route=%2Fwp%2Fv2%2Ftags&post=1093"}],"curies":[{"name":"wp","href":"https:\/\/api.w.org\/{rel}","templated":true}]}}