{"id":1087,"date":"2023-11-18T21:09:11","date_gmt":"2023-11-18T21:09:11","guid":{"rendered":"https:\/\/jornalhorizonte.com.br\/?p=1087"},"modified":"2023-11-18T21:09:12","modified_gmt":"2023-11-18T21:09:12","slug":"vento-vai-turbinar-calor-e-deixar-termometros-acima-de-40-graus-no-rio-e-em-sao-paulo-depois-temperaturas-caem","status":"publish","type":"post","link":"https:\/\/jornalhorizonte.com.br\/?p=1087","title":{"rendered":"Vento vai &#8216;turbinar&#8217; calor e deixar term\u00f4metros acima de 40 graus no Rio e em S\u00e3o Paulo; depois, temperaturas caem"},"content":{"rendered":"\n<p>Combina\u00e7\u00e3o de rajadas fortes com massa de calor funcionar\u00e1 como um jato, segundo Metsul; A partir de domingo, temperaturas devem cair<\/p>\n\n\n\n<p>Al\u00e9m da atual onda de calor,\u00a0<a class=\"\" href=\"https:\/\/oglobo.globo.com\/brasil\/noticia\/2023\/11\/11\/brasil-vive-8a-onda-de-calor-em-2023-e-temperaturas-ficam-altas-ate-janeiro-veja-a-previsao-do-fim-de-semana.ghtml\">a oitava do ano no pa\u00eds,\u00a0<\/a>os ventos fortes em baixos n\u00edveis da atmosfera v\u00e3o &#8220;turbinar&#8221; as temperaturas, que ficar\u00e3o ainda mais altas neste s\u00e1bado (18), segundo a MetSul Meteorologia. Os term\u00f4metros devem marcar mais de 40 graus no Paran\u00e1, S\u00e3o Paulo, Rio e Minas. J\u00e1 no domingo, o tempo deve virar, com tempestades e queda de temperatura em S\u00e3o Paulo e chuva no Rio.<\/p>\n\n\n\n<ul>\n<li><strong>&#8216;Guerra da fuma\u00e7a&#8217;:<\/strong>&nbsp;<a class=\"\" href=\"https:\/\/show-preview.globoi.com\/preview\/https%3A%2F%2Fapis.backstage.globoi.com%2Fapi%2Fv2%2Fmulti-content%2Foglobo%2Fc2f30ab7-f05a-4a4b-a4e4-85103b5e8bd5\/versions\/findOne\">Amazonas e Par\u00e1 trocam farpas sobre origem de &#8216;nevoeiro&#8217;; veja quem est\u00e1 certo<\/a><\/li>\n\n\n\n<li><strong>Efeito apag\u00e3o:&nbsp;<\/strong><a class=\"\" href=\"https:\/\/oglobo.globo.com\/brasil\/sao-paulo\/noticia\/2023\/11\/17\/efeito-apagao-numero-de-reclamacoes-contra-enel-no-procon-dobra-em-novembro.ghtml\">N\u00famero de reclama\u00e7\u00f5es contra Enel no Procon dobra em novembro<\/a><\/li>\n<\/ul>\n\n\n\n<p>A combina\u00e7\u00e3o de fen\u00f4menos desse s\u00e1bado se d\u00e1 a partir de uma massa de ar extremamente quente interagindo com o vento forte, que funcionar\u00e1 como um &#8220;jato&#8221;. Nem o Sul do pa\u00eds vai escapar, com muito calor na costa do Paran\u00e1, \u00e0 leste da Serra do Mar, e no Nordeste catarinense, como no Vale do Itaja\u00ed.<\/p>\n\n\n\n<p>No interior de S\u00e3o Paulo, em especial nas cidades pr\u00f3ximas a Mato Grosso, a temperatura tamb\u00e9m pode passar dos 40 graus. Mas o s\u00e1bado ser\u00e1 ainda mais quente no litoral. No Rio, os term\u00f4metros podem ficar perto dos 40 graus at\u00e9 na Regi\u00e3o Serrana.<\/p>\n\n\n\n<p>.<\/p>\n\n\n\n<h2 class=\"wp-block-heading\">Calor recorde no Rio e Goi\u00e2nia<\/h2>\n\n\n\n<p>Na quinta, a cidade do Rio de Janeiro bateu o recorde do ano, com 40,6 graus registrados na esta\u00e7\u00e3o de Marambaia. Goi\u00e2nia tamb\u00e9m confirmou a expectativa que havia de superar a maior marca de 2023: term\u00f4metros chegaram a 39,7 graus \u2014 quatro d\u00e9cimos acima do registrado em setembro.<\/p>\n\n\n\n<p>Mas o pior ainda est\u00e1 por vir, dizem os cientistas: haver\u00e1 agravamento dos extremos clim\u00e1ticos no Brasil \u00e0 medida que o El Ni\u00f1o avan\u00e7a para o pico de sua atividade, em dezembro. Os especialistas preveem que a seca na Amaz\u00f4nia se aprofundar\u00e1, al\u00e9m de haver mais calor no Centro-Oeste e Sudeste e fortes chuvas no Sul. Preocupa a situa\u00e7\u00e3o do Nordeste, j\u00e1 que a estiagem severa \u00e9 dada como certa na regi\u00e3o no in\u00edcio de 2024.<\/p>\n\n\n\n<ul>\n<li><strong>Onda de calor:<\/strong>&nbsp;<a class=\"\" href=\"https:\/\/oglobo.globo.com\/fotogalerias\/noticia\/2023\/11\/14\/como-se-proteger-da-onda-de-calor-veja-como-as-pessoas-tem-driblado-as-temperaturas.ghtml\">Veja como as pessoas t\u00eam &#8216;driblado&#8217; as altas temperaturas<\/a><\/li>\n<\/ul>\n\n\n\n<p><a class=\"\" href=\"https:\/\/oglobo.globo.com\/brasil\/noticia\/2023\/11\/17\/o-pior-esta-por-vir-el-nino-vai-agravar-o-clima-extremo-no-brasil-em-dezembro-entenda.ghtml\">O alerta foi dado nesta quinta-feira<\/a>&nbsp;no evento \u201cCrise clim\u00e1tica e desastres como consequ\u00eancia do El Ni\u00f1o 2023-2024: impactos observados e esperados no Brasil\u201d, que reuniu na Academia Brasileira de Ci\u00eancias (ABC), no Rio, alguns dos maiores climatologistas do pa\u00eds.<\/p>\n\n\n\n<p>\u2014 A situa\u00e7\u00e3o est\u00e1 perigosa. A chuva j\u00e1 deveria ter come\u00e7ado na Amaz\u00f4nia Central, mas veio muito fraca. Teremos o prolongamento e acentua\u00e7\u00e3o da seca no Norte. Tamb\u00e9m no Nordeste, j\u00e1 h\u00e1 sinais de que a chuva vai atrasar, e haver\u00e1 seca. Estamos avisando h\u00e1 meses, o cen\u00e1rio s\u00f3 piora. Os governos j\u00e1 deveriam estar preparados \u2014 salientou Jos\u00e9 Marengo, coordenador-geral de Pesquisa e Modelagem do Centro Nacional de Monitoramento e Alertas de Desastres Naturais (Cemaden).<\/p>\n\n\n\n<h2 class=\"wp-block-heading\">Queda na temperatura<\/h2>\n\n\n\n<p>A previs\u00e3o \u00e9 de que a partir da segunda-feira (20) a temperatura caia cerca de 10\u00baC em ao menos cinco capitais. De acordo com informa\u00e7\u00f5es do Inmet,&nbsp;<a class=\"\" href=\"https:\/\/oglobo.globo.com\/tudo-sobre\/cidade\/sao-paulo-sp\">S\u00e3o Paulo (SP)<\/a>,&nbsp;<a class=\"\" href=\"https:\/\/oglobo.globo.com\/tudo-sobre\/cidade\/rio-de-janeiro-rj\">Rio de Janeiro (RJ)<\/a>, Belo Horizonte (MG), Curitiba (PR) e Campo Grande (MS) ter\u00e3o mudan\u00e7a de tempo, com previs\u00e3o de pancadas de chuva e trovoadas isoladas.<\/p>\n\n\n\n<p>Nesta semana, o estado de S\u00e3o Paulo amanheceu na ter\u00e7a-feira com as maiores temperaturas do Brasil. A capital paulista atingiu a marca de 37,8\u00baC, quase um recorde hist\u00f3rico. No entanto, a partir de domingo a temperatura cai e a previs\u00e3o fica em 26\u00b0C. Na segunda-feira, o calor diminui ainda mais, ficando entre 23\u00b0C e 19\u00baC, com chances de pancadas de chuva isoladas.<\/p>\n\n\n\n<p>A cidade do Rio de Janeiro segue a mesma tend\u00eancia. Os 41\u00baC registrados nesta sexta-feira (17) devem cair para 28\u00b0C na segunda. O in\u00edcio da semana carioca ser\u00e1 de c\u00e9u encoberto com chuva. Belo Horizonte (MG) tamb\u00e9m come\u00e7a a pr\u00f3xima semana com m\u00e1xima de 28\u00b0C e m\u00ednima de 20\u00baC. A previs\u00e3o \u00e9 de dia nublado com pancadas de chuva e trovoadas.<\/p>\n\n\n\n<p>Curitiba (PR) e Campo Grande (MS) devem registrar uma queda na temperatura de 11\u00baC e 10\u00baC, respectivamente. Assim como nas capitais do Sudeste, o tempo deve ficar nublado com pancadas de chuva e trovoadas isoladas.<\/p>\n","protected":false},"excerpt":{"rendered":"<p>Combina\u00e7\u00e3o de rajadas fortes com massa de calor funcionar\u00e1 como um jato, segundo Metsul; A partir de domingo, temperaturas devem cair Al\u00e9m da atual onda de calor,\u00a0a oitava do ano no pa\u00eds,\u00a0os ventos fortes em baixos n\u00edveis da atmosfera v\u00e3o &#8220;turbinar&#8221; as temperaturas, que ficar\u00e3o ainda mais altas neste s\u00e1bado (18), segundo a MetSul Meteorologia. [&hellip;]<\/p>\n","protected":false},"author":5,"featured_media":1088,"comment_status":"open","ping_status":"open","sticky":false,"template":"","format":"standard","meta":{"footnotes":""},"categories":[20],"tags":[],"_links":{"self":[{"href":"https:\/\/jornalhorizonte.com.br\/index.php?rest_route=\/wp\/v2\/posts\/1087"}],"collection":[{"href":"https:\/\/jornalhorizonte.com.br\/index.php?rest_route=\/wp\/v2\/posts"}],"about":[{"href":"https:\/\/jornalhorizonte.com.br\/index.php?rest_route=\/wp\/v2\/types\/post"}],"author":[{"embeddable":true,"href":"https:\/\/jornalhorizonte.com.br\/index.php?rest_route=\/wp\/v2\/users\/5"}],"replies":[{"embeddable":true,"href":"https:\/\/jornalhorizonte.com.br\/index.php?rest_route=%2Fwp%2Fv2%2Fcomments&post=1087"}],"version-history":[{"count":0,"href":"https:\/\/jornalhorizonte.com.br\/index.php?rest_route=\/wp\/v2\/posts\/1087\/revisions"}],"wp:featuredmedia":[{"embeddable":true,"href":"https:\/\/jornalhorizonte.com.br\/index.php?rest_route=\/wp\/v2\/media\/1088"}],"wp:attachment":[{"href":"https:\/\/jornalhorizonte.com.br\/index.php?rest_route=%2Fwp%2Fv2%2Fmedia&parent=1087"}],"wp:term":[{"taxonomy":"category","embeddable":true,"href":"https:\/\/jornalhorizonte.com.br\/index.php?rest_route=%2Fwp%2Fv2%2Fcategories&post=1087"},{"taxonomy":"post_tag","embeddable":true,"href":"https:\/\/jornalhorizonte.com.br\/index.php?rest_route=%2Fwp%2Fv2%2Ftags&post=1087"}],"curies":[{"name":"wp","href":"https:\/\/api.w.org\/{rel}","templated":true}]}}